{"id":6210,"date":"2019-04-01T00:00:00","date_gmt":"2019-04-01T00:00:00","guid":{"rendered":"https:\/\/www.cicae.com\/cicae-en-la-semana-de-la-educacion-aula-2019\/"},"modified":"2019-04-01T00:00:00","modified_gmt":"2019-04-01T00:00:00","slug":"cicae-en-la-semana-de-la-educacion-aula-2019","status":"publish","type":"post","link":"https:\/\/www.cicae.com\/en\/cicae-en-la-semana-de-la-educacion-aula-2019\/","title":{"rendered":"CICAE en la Semana de la Educaci\u00f3n &#8211; AULA 2019"},"content":{"rendered":"<p><img fetchpriority=\"high\" decoding=\"async\" class=\"alignnone wp-image-6949 size-medium\" src=\"https:\/\/www.cicae.com\/wp-content\/uploads\/2019\/04\/AULA_Encuentro-ministra-600x317.jpg\" alt=\"CICAE Semana Educaci\u00f3n AULA 2019\" width=\"600\" height=\"317\" \/><\/p>\n<p>Elena Cid, directora general de CICAE, particip\u00f3 en la inauguraci\u00f3n de la <strong>Semana de la Educaci\u00f3n &#8211; AULA 2019<\/strong> celebrada el 27 de marzo, junto a la ministra de Educaci\u00f3n y Formaci\u00f3n Profesional, Isabel Cela\u00e1, y el ministro de Innovaci\u00f3n y Universidades, Pedro Duque. Los representantes de diferentes instituciones acompa\u00f1aron a los ministros en un recorrido por la Feria.<\/p>\n<p>La asociaci\u00f3n es\u00a0miembro del Comit\u00e9 Organizador de AULA, que en esta sexta edici\u00f3n ha vuelto a reunir en IFEMA a la comunidad educativa. La Feria se concibe como una herramienta para la orientaci\u00f3n de los alumnos en su formaci\u00f3n. Por este motivo, m\u00e1s de 140.000 profesores, orientadores, estudiantes y familias han acudido hasta el pasado domingo a la mayor feria de la educaci\u00f3n en Espa\u00f1a.<\/p>\n","protected":false},"excerpt":{"rendered":"<p>Elena Cid, directora general de CICAE, particip\u00f3 en la inauguraci\u00f3n de la Semana de la Educaci\u00f3n &#8211; AULA 2019 celebrada el 27 de marzo, junto a la ministra de Educaci\u00f3n y Formaci\u00f3n Profesional, Isabel Cela\u00e1, y el ministro de Innovaci\u00f3n y Universidades, Pedro Duque. Los representantes de diferentes instituciones acompa\u00f1aron a los ministros en un [&hellip;]<\/p>\n","protected":false},"author":1,"featured_media":0,"comment_status":"open","ping_status":"open","sticky":false,"template":"","format":"standard","meta":{"om_disable_all_campaigns":false,"_monsterinsights_skip_tracking":false,"_monsterinsights_sitenote_active":false,"_monsterinsights_sitenote_note":"","_monsterinsights_sitenote_category":0,"_uf_show_specific_survey":0,"_uf_disable_surveys":false,"site-sidebar-layout":"default","site-content-layout":"","ast-site-content-layout":"","site-content-style":"default","site-sidebar-style":"default","ast-global-header-display":"","ast-banner-title-visibility":"","ast-main-header-display":"","ast-hfb-above-header-display":"","ast-hfb-below-header-display":"","ast-hfb-mobile-header-display":"","site-post-title":"","ast-breadcrumbs-content":"","ast-featured-img":"","footer-sml-layout":"","theme-transparent-header-meta":"","adv-header-id-meta":"","stick-header-meta":"","header-above-stick-meta":"","header-main-stick-meta":"","header-below-stick-meta":"","astra-migrate-meta-layouts":"default","ast-page-background-enabled":"default","ast-page-background-meta":{"desktop":{"background-color":"var(--ast-global-color-4)","background-image":"","background-repeat":"repeat","background-position":"center center","background-size":"auto","background-attachment":"scroll","background-type":"","background-media":"","overlay-type":"","overlay-color":"","overlay-opacity":"","overlay-gradient":""},"tablet":{"background-color":"","background-image":"","background-repeat":"repeat","background-position":"center center","background-size":"auto","background-attachment":"scroll","background-type":"","background-media":"","overlay-type":"","overlay-color":"","overlay-opacity":"","overlay-gradient":""},"mobile":{"background-color":"","background-image":"","background-repeat":"repeat","background-position":"center center","background-size":"auto","background-attachment":"scroll","background-type":"","background-media":"","overlay-type":"","overlay-color":"","overlay-opacity":"","overlay-gradient":""}},"ast-content-background-meta":{"desktop":{"background-color":"var(--ast-global-color-5)","background-image":"","background-repeat":"repeat","background-position":"center center","background-size":"auto","background-attachment":"scroll","background-type":"","background-media":"","overlay-type":"","overlay-color":"","overlay-opacity":"","overlay-gradient":""},"tablet":{"background-color":"var(--ast-global-color-5)","background-image":"","background-repeat":"repeat","background-position":"center center","background-size":"auto","background-attachment":"scroll","background-type":"","background-media":"","overlay-type":"","overlay-color":"","overlay-opacity":"","overlay-gradient":""},"mobile":{"background-color":"var(--ast-global-color-5)","background-image":"","background-repeat":"repeat","background-position":"center center","background-size":"auto","background-attachment":"scroll","background-type":"","background-media":"","overlay-type":"","overlay-color":"","overlay-opacity":"","overlay-gradient":""}},"footnotes":""},"categories":[1],"tags":[],"class_list":["post-6210","post","type-post","status-publish","format-standard","hentry","category-sin-categorizar"],"acf":[],"_links":{"self":[{"href":"https:\/\/www.cicae.com\/en\/wp-json\/wp\/v2\/posts\/6210","targetHints":{"allow":["GET"]}}],"collection":[{"href":"https:\/\/www.cicae.com\/en\/wp-json\/wp\/v2\/posts"}],"about":[{"href":"https:\/\/www.cicae.com\/en\/wp-json\/wp\/v2\/types\/post"}],"author":[{"embeddable":true,"href":"https:\/\/www.cicae.com\/en\/wp-json\/wp\/v2\/users\/1"}],"replies":[{"embeddable":true,"href":"https:\/\/www.cicae.com\/en\/wp-json\/wp\/v2\/comments?post=6210"}],"version-history":[{"count":0,"href":"https:\/\/www.cicae.com\/en\/wp-json\/wp\/v2\/posts\/6210\/revisions"}],"wp:attachment":[{"href":"https:\/\/www.cicae.com\/en\/wp-json\/wp\/v2\/media?parent=6210"}],"wp:term":[{"taxonomy":"category","embeddable":true,"href":"https:\/\/www.cicae.com\/en\/wp-json\/wp\/v2\/categories?post=6210"},{"taxonomy":"post_tag","embeddable":true,"href":"https:\/\/www.cicae.com\/en\/wp-json\/wp\/v2\/tags?post=6210"}],"curies":[{"name":"wp","href":"https:\/\/api.w.org\/{rel}","templated":true}]}}